{"id":1616,"date":"2018-12-17T19:25:36","date_gmt":"2018-12-17T19:25:36","guid":{"rendered":"https:\/\/zoulouonroad.com\/?p=1616"},"modified":"2019-08-29T13:23:19","modified_gmt":"2019-08-29T13:23:19","slug":"25eme-semaine-le-tour-du-montenegro-et-premiere-rando-en-albanie","status":"publish","type":"post","link":"https:\/\/zoulouonroad.com\/index.php\/fr\/2018\/12\/17\/25eme-semaine-le-tour-du-montenegro-et-premiere-rando-en-albanie\/","title":{"rendered":"25\u00e8me semaine : Le tour du Mont\u00e9n\u00e9gro et premi\u00e8re randonn\u00e9e en Albanie"},"content":{"rendered":"<p>Jour 169 : Aujourd\u2019hui le temps est encore pluvieux. Mais on part t\u00f4t le matin car on a h\u00e2te d&#8217;aller au Mont\u00e9n\u00e9gro. On commence la visite de ce pays par la ville Herceg Novi, une ville m\u00e9di\u00e9vale sur la c\u00f4te, puis on entame les fameuses Bouches de Kotor.<\/p>\n<p><a href=\"https:\/\/zoulouonroad.com\/wp-content\/uploads\/2018\/12\/20181126_094913.jpg\"><img loading=\"lazy\" class=\"aligncenter size-large wp-image-1618\" src=\"https:\/\/zoulouonroad.com\/wp-content\/uploads\/2018\/12\/20181126_094913-1024x512.jpg\" alt=\"\" width=\"840\" height=\"420\" sizes=\"(max-width: 709px) 85vw, (max-width: 909px) 67vw, (max-width: 1362px) 62vw, 840px\" \/><\/a><a href=\"https:\/\/zoulouonroad.com\/wp-content\/uploads\/2018\/12\/20181126_102930.jpg\"><img loading=\"lazy\" class=\"aligncenter size-large wp-image-1619\" src=\"https:\/\/zoulouonroad.com\/wp-content\/uploads\/2018\/12\/20181126_102930-1024x512.jpg\" alt=\"\" width=\"840\" height=\"420\" sizes=\"(max-width: 709px) 85vw, (max-width: 909px) 67vw, (max-width: 1362px) 62vw, 840px\" \/><\/a>On passe \u00e0 c\u00f4t\u00e9 des \u00eeles avec les monast\u00e8res Notre Dame du Rocher et Saint George o\u00f9 se rendent quelques bateaux de touristes malgr\u00e9 le temps toujours pluvieux.<\/p>\n<p><a href=\"https:\/\/zoulouonroad.com\/wp-content\/uploads\/2018\/12\/20181126_120132.jpg\"><img loading=\"lazy\" class=\"aligncenter size-large wp-image-1620\" src=\"https:\/\/zoulouonroad.com\/wp-content\/uploads\/2018\/12\/20181126_120132-1024x512.jpg\" alt=\"\" width=\"840\" height=\"420\" sizes=\"(max-width: 709px) 85vw, (max-width: 909px) 67vw, (max-width: 1362px) 62vw, 840px\" \/><\/a> On longe la c\u00f4te, entour\u00e9e de hautes falaises, pour arriver \u00e0 la ville de Perast, puis de Kotor.<\/p>\n<p><a href=\"https:\/\/zoulouonroad.com\/wp-content\/uploads\/2018\/12\/20181126_124032_HDR.jpg\"><img loading=\"lazy\" class=\"aligncenter size-large wp-image-1621\" src=\"https:\/\/zoulouonroad.com\/wp-content\/uploads\/2018\/12\/20181126_124032_HDR-1024x512.jpg\" alt=\"\" width=\"840\" height=\"420\" sizes=\"(max-width: 709px) 85vw, (max-width: 909px) 67vw, (max-width: 1362px) 62vw, 840px\" \/><\/a><\/p>\n<p><!--more--><\/p>\n<p>Ces villes ont la m\u00eame architecture dans un style v\u00e9nitien. A Kotor, mes ma\u00eetres ont une id\u00e9e folle :\u00a0 mont\u00e9 jusqu\u2019\u00e0 la forteresse perch\u00e9e bien au-dessus de Kotor. L&#8217;ascension nous prend une bonne heure. On reprend notre souffle l\u00e0-haut avec une belle vue sur la ville.<\/p>\n<p><a href=\"https:\/\/zoulouonroad.com\/wp-content\/uploads\/2018\/12\/20181126_152004_HDR.jpg\"><img loading=\"lazy\" class=\"aligncenter size-large wp-image-1617\" src=\"https:\/\/zoulouonroad.com\/wp-content\/uploads\/2018\/12\/20181126_152004_HDR-1024x512.jpg\" alt=\"\" width=\"840\" height=\"420\" sizes=\"(max-width: 709px) 85vw, (max-width: 909px) 67vw, (max-width: 1362px) 62vw, 840px\" \/><\/a>Le soir, on retrouve nos amis fran\u00e7ais sur un spot tranquille au-dessus de la ville !<\/p>\n<p>Jour 170 : Aujourd&#8217;hui au programme\u00a0: visite de Budva sous la pluie\u2026 On est tremp\u00e9s et on rentre au Campi apr\u00e8s une visite br\u00e8ve du centre-ville quasiment vide ! Il pleut des cordes, on abandonne donc les visites pour le reste de la journ\u00e9e et on d\u00e9cide de se reposer.<\/p>\n<p><a href=\"https:\/\/zoulouonroad.com\/wp-content\/uploads\/2018\/12\/20181127_103221.jpg\"><img loading=\"lazy\" class=\"aligncenter size-large wp-image-1622\" src=\"https:\/\/zoulouonroad.com\/wp-content\/uploads\/2018\/12\/20181127_103221-1024x512.jpg\" alt=\"\" width=\"840\" height=\"420\" sizes=\"(max-width: 709px) 85vw, (max-width: 909px) 67vw, (max-width: 1362px) 62vw, 840px\" \/><\/a><a href=\"https:\/\/zoulouonroad.com\/wp-content\/uploads\/2018\/12\/20181127_103634.jpg\"><img loading=\"lazy\" class=\"aligncenter size-large wp-image-1623\" src=\"https:\/\/zoulouonroad.com\/wp-content\/uploads\/2018\/12\/20181127_103634-1024x512.jpg\" alt=\"\" width=\"840\" height=\"420\" sizes=\"(max-width: 709px) 85vw, (max-width: 909px) 67vw, (max-width: 1362px) 62vw, 840px\" \/><\/a>Jour 171 : On retrouve enfin du soleil, apr\u00e8s 3 jours de fortes pluies !\u00a0 On en profite pour d\u00e9couvrir le parc national de Lovcen avec un mont \u00e0 1650m accueillant la tombe<span id=\"fbPhotoSnowliftCaption\" class=\"fbPhotosPhotoCaption\" tabindex=\"0\" aria-live=\"polite\" data-ft=\"{&quot;tn&quot;:&quot;K&quot;}\"><span class=\"hasCaption\"> royale de Petrovic, <\/span><\/span>appel\u00e9e Mausoleum.<\/p>\n<p><a href=\"https:\/\/zoulouonroad.com\/wp-content\/uploads\/2018\/12\/20181128_102822.jpg\"><img loading=\"lazy\" class=\"aligncenter size-large wp-image-1624\" src=\"https:\/\/zoulouonroad.com\/wp-content\/uploads\/2018\/12\/20181128_102822-1024x512.jpg\" alt=\"\" width=\"840\" height=\"420\" sizes=\"(max-width: 709px) 85vw, (max-width: 909px) 67vw, (max-width: 1362px) 62vw, 840px\" \/><\/a>Une fois arriv\u00e9s au sommet, on apprend que le Mausoleum vient de fermer au public. Prochaine ouverture pr\u00e9vue au mois de mai prochain !\u00a0 Effectivement, le somment du mont Lovcen et les escaliers menant \u00e0 la tombe commencent \u00e0 \u00eatre bien verglac\u00e9s&#8230;Et oui l&#8217;hiver est arriv\u00e9 !\u00a0 Heureusement qu&#8217;il y a la vue sur les Bouches de Kotor, \u00e7a vaut quand m\u00eame le coup d&#8217;\u00eatre mont\u00e9s !<\/p>\n<p><a href=\"https:\/\/zoulouonroad.com\/wp-content\/uploads\/2018\/12\/20181128_111110.jpg\"><img loading=\"lazy\" class=\"aligncenter size-large wp-image-1625\" src=\"https:\/\/zoulouonroad.com\/wp-content\/uploads\/2018\/12\/20181128_111110-1024x512.jpg\" alt=\"\" width=\"840\" height=\"420\" sizes=\"(max-width: 709px) 85vw, (max-width: 909px) 67vw, (max-width: 1362px) 62vw, 840px\" \/><\/a>L\u2019apr\u00e8s-midi, on avance vers le Nord pour se rendre au monast\u00e8re d\u2019Ostrog, construit \u00e0 m\u00eame une falaise !\u00a0 C&#8217;est l&#8217;un des lieux de p\u00e8lerinage le plus important dans les Balkans. Les p\u00e8lerins viennent ici embrasser les reliques de <span id=\"fbPhotoSnowliftCaption\" class=\"fbPhotosPhotoCaption\" tabindex=\"0\" aria-live=\"polite\" data-ft=\"{&quot;tn&quot;:&quot;K&quot;}\"><span class=\"hasCaption\">saint Basile d&#8217;Ostrog. <\/span><\/span>Nous on est venus plut\u00f4t admirer les nombreuses fresques color\u00e9es \u00e0 l&#8217;int\u00e9rieur du monast\u00e8re ainsi que son ext\u00e9rieur tr\u00e8s original.<\/p>\n<p><a href=\"https:\/\/zoulouonroad.com\/wp-content\/uploads\/2018\/12\/20181128_155337.jpg\"><img loading=\"lazy\" class=\"aligncenter size-large wp-image-1627\" src=\"https:\/\/zoulouonroad.com\/wp-content\/uploads\/2018\/12\/20181128_155337-1024x512.jpg\" alt=\"\" width=\"840\" height=\"420\" sizes=\"(max-width: 709px) 85vw, (max-width: 909px) 67vw, (max-width: 1362px) 62vw, 840px\" \/><\/a><a href=\"https:\/\/zoulouonroad.com\/wp-content\/uploads\/2018\/12\/20181128_154544.jpg\"><img loading=\"lazy\" class=\"aligncenter size-large wp-image-1626\" src=\"https:\/\/zoulouonroad.com\/wp-content\/uploads\/2018\/12\/20181128_154544-1024x512.jpg\" alt=\"\" width=\"840\" height=\"420\" sizes=\"(max-width: 709px) 85vw, (max-width: 909px) 67vw, (max-width: 1362px) 62vw, 840px\" \/><\/a>Jour 172 : Le matin, d\u00e9part pour les montagnes. On voulait remonter tout au Nord du Mont\u00e9n\u00e9gro, mais \u00e0 peine sortis de l\u2019autoroute pour prendre la <a href=\"https:\/\/zoulouonroad.com\/wp-content\/uploads\/2018\/12\/20181129_095240-e1545073585955.jpg\"><img loading=\"lazy\" class=\"size-medium wp-image-1628 alignright\" src=\"https:\/\/zoulouonroad.com\/wp-content\/uploads\/2018\/12\/20181129_095240-e1545073585955-150x300.jpg\" alt=\"\" width=\"150\" height=\"300\" sizes=\"(max-width: 150px) 85vw, 150px\" \/><\/a>route des montagnes, il y a des rafales, de la neige de plusieurs centim\u00e8tres et du verglas\u00a0! On n\u2019h\u00e9site pas longtemps avant de faire demi-tour. On sort quand m\u00eame rapidement dans ce froid glacial pour profiter de quelques moments de neige\u00a0! Mais le vent nous force \u00e0 rentrer tr\u00e8s rapidement \u00e0 l\u2019int\u00e9rieur de Campi\u00a0! On descend donc dans le Sud pour visiter la capitale, Podgorica. La visite est faite en m\u00eame pas une heure car il n&#8217;y a vraiment rien \u00e0 voir, \u00e0 se demander pourquoi c&#8217;est la capitale.<\/p>\n<p><a href=\"https:\/\/zoulouonroad.com\/wp-content\/uploads\/2018\/12\/20181129_140812_HDR.jpg\"><img loading=\"lazy\" class=\"aligncenter size-large wp-image-1629\" src=\"https:\/\/zoulouonroad.com\/wp-content\/uploads\/2018\/12\/20181129_140812_HDR-1024x512.jpg\" alt=\"\" width=\"840\" height=\"420\" sizes=\"(max-width: 709px) 85vw, (max-width: 909px) 67vw, (max-width: 1362px) 62vw, 840px\" \/><\/a>Jour 173 : Aujourd&#8217;hui, on descend jusqu\u2019au lac Skadar, le plus grand lac des Balkans. On visite la petite forteresse \u00e0 Virpazar, en compagnie des deux nouveaux amis, puis on part dans les hauteurs en longeant le lac, quelle vue magnifique !<\/p>\n<p><a href=\"https:\/\/zoulouonroad.com\/wp-content\/uploads\/2018\/12\/20181130_131230_HDR.jpg\"><img loading=\"lazy\" class=\"aligncenter size-large wp-image-1633\" src=\"https:\/\/zoulouonroad.com\/wp-content\/uploads\/2018\/12\/20181130_131230_HDR-1024x512.jpg\" alt=\"\" width=\"840\" height=\"420\" sizes=\"(max-width: 709px) 85vw, (max-width: 909px) 67vw, (max-width: 1362px) 62vw, 840px\" \/><\/a>On passe notre derni\u00e8re nuit au Mont\u00e9n\u00e9gro sur une belle plage, l&#8217;une des rare du pays car la c\u00f4te est autrement bord\u00e9e de falaises. Au final, on est tomb\u00e9s sous le charme des paysages de ce pays qui nous rappellent les fjords norv\u00e9giens.<\/p>\n<p><a href=\"https:\/\/zoulouonroad.com\/wp-content\/uploads\/2018\/12\/20181201_064547_HDR.jpg\"><img loading=\"lazy\" class=\"aligncenter size-large wp-image-1634\" src=\"https:\/\/zoulouonroad.com\/wp-content\/uploads\/2018\/12\/20181201_064547_HDR-1024x512.jpg\" alt=\"\" width=\"840\" height=\"420\" sizes=\"(max-width: 709px) 85vw, (max-width: 909px) 67vw, (max-width: 1362px) 62vw, 840px\" \/><\/a>D\u00e9couvrez l&#8217;ensemble de mes photos de Mont\u00e9n\u00e9gro sur mon <a href=\"https:\/\/www.facebook.com\/pg\/Zoulouonroad\/photos\/?tab=album&amp;album_id=929752393890543\" target=\"_blank\" rel=\"noopener\">Facebook<\/a>.<\/p>\n<p>Jour 174 : Le matin, on passe en Albanie !\u00a0 Et on commence aussit\u00f4t par la visite de la forteresse Rozafa, o\u00f9 on d\u00e9couvre le panorama albanais assez plat avec une cha\u00eene de montagnes au loin.<\/p>\n<p><a href=\"https:\/\/zoulouonroad.com\/wp-content\/uploads\/2018\/12\/20181201_110223.jpg\"><img loading=\"lazy\" class=\"aligncenter size-large wp-image-1638\" src=\"https:\/\/zoulouonroad.com\/wp-content\/uploads\/2018\/12\/20181201_110223-1024x512.jpg\" alt=\"\" width=\"840\" height=\"420\" sizes=\"(max-width: 709px) 85vw, (max-width: 909px) 67vw, (max-width: 1362px) 62vw, 840px\" \/><\/a>Par contre, c&#8217;est d\u00e9paysant ici ! Les charrettes et les \u00e2nes sur la route, beaucoup de mosqu\u00e9es&#8230;\u00a0 On retrouve l&#8217;\u00e9tat des routes de l\u2019Ukraine, et on prie pour que Campi survive !\u00a0 Cependant, on est agr\u00e9ablement surpris par la gentillesse et l&#8217;accueil des albanais, on en gardera que des bons souvenirs!<\/p>\n<p>L&#8217;apr\u00e8s-midi on contourne la capitale Tirana, sur les routes \u00e0 trous et tr\u00e8s chaotiques (c&#8217;est l&#8217;anarchie sur les ronds-points albanais) pour se rendre au pied du mont Dajti. Ici, on d\u00e9couvre un centre de loisir, avec h\u00f4tel, restaurant et le t\u00e9l\u00e9ph\u00e9rique venant de Tirana. Mais nous on est l\u00e0 pour les randos \ud83d\ude42<\/p>\n<p>Jour 175 : T\u00f4t le matin on entame l&#8217;ascension au sommet du mont Dajti, 1613m. Le chemin monte de mani\u00e8re assez raide mais est tr\u00e8s agr\u00e9able et les environs sont assez propres, pour une fois !\u00a0 Pr\u00e8s du sommet, on tombe sur les gardiens du site. L&#8217;un deux nous accompagne gentiment au sommet. On n\u2019a pas compris si on s&#8217;\u00e9tait tromp\u00e9s de chemin ou si le vrai chemin qui m\u00e8ne au sommet \u00e9tait ferm\u00e9 mais on emprunte un chemin un peu sauvage et rocheux avec quelques moments de vraie escalade !\u00a0 Mais finalement on arrive au somment avec une vue magnifique sur Tirana et les montagnes !\u00a0 Je remercie chaleureusement le monsieur qui accepte m\u00eame de prendre une photo avec moi \ud83d\ude42 C&#8217;est cool car en Albanie les chiens sont plut\u00f4t mal vus et les gens ont peur d&#8217;eux. Mais ce monsieur \u00e9tait une exception, j&#8217;ai m\u00eame eu droit \u00e0 quelques c\u00e2lins !<\/p>\n<p><a href=\"https:\/\/zoulouonroad.com\/wp-content\/uploads\/2018\/12\/20181202_110345_HDR.jpg\"><img loading=\"lazy\" class=\"aligncenter size-large wp-image-1637\" src=\"https:\/\/zoulouonroad.com\/wp-content\/uploads\/2018\/12\/20181202_110345_HDR-1024x512.jpg\" alt=\"\" width=\"840\" height=\"420\" sizes=\"(max-width: 709px) 85vw, (max-width: 909px) 67vw, (max-width: 1362px) 62vw, 840px\" \/><\/a><\/p>\n","protected":false},"excerpt":{"rendered":"<p>Jour 169 : Aujourd\u2019hui le temps est encore pluvieux. Mais on part t\u00f4t le matin car on a h\u00e2te d&#8217;aller au Mont\u00e9n\u00e9gro. On commence la visite de ce pays par la ville Herceg Novi, une ville m\u00e9di\u00e9vale sur la c\u00f4te, puis on entame les fameuses Bouches de Kotor. On passe \u00e0 c\u00f4t\u00e9 des \u00eeles avec &hellip; <a href=\"https:\/\/zoulouonroad.com\/index.php\/fr\/2018\/12\/17\/25eme-semaine-le-tour-du-montenegro-et-premiere-rando-en-albanie\/\" class=\"more-link\">Continue reading<span class=\"screen-reader-text\"> &#8220;25\u00e8me semaine : Le tour du Mont\u00e9n\u00e9gro et premi\u00e8re randonn\u00e9e en Albanie&#8221;<\/span><\/a><\/p>\n","protected":false},"author":1,"featured_media":0,"comment_status":"open","ping_status":"open","sticky":false,"template":"","format":"standard","meta":{"spay_email":"","jetpack_publicize_message":""},"categories":[77,75],"tags":[],"jetpack_featured_media_url":"","jetpack_publicize_connections":[],"jetpack_shortlink":"https:\/\/wp.me\/p9Vyzk-q4","_links":{"self":[{"href":"https:\/\/zoulouonroad.com\/index.php\/wp-json\/wp\/v2\/posts\/1616"}],"collection":[{"href":"https:\/\/zoulouonroad.com\/index.php\/wp-json\/wp\/v2\/posts"}],"about":[{"href":"https:\/\/zoulouonroad.com\/index.php\/wp-json\/wp\/v2\/types\/post"}],"author":[{"embeddable":true,"href":"https:\/\/zoulouonroad.com\/index.php\/wp-json\/wp\/v2\/users\/1"}],"replies":[{"embeddable":true,"href":"https:\/\/zoulouonroad.com\/index.php\/wp-json\/wp\/v2\/comments?post=1616"}],"version-history":[{"count":7,"href":"https:\/\/zoulouonroad.com\/index.php\/wp-json\/wp\/v2\/posts\/1616\/revisions"}],"predecessor-version":[{"id":2956,"href":"https:\/\/zoulouonroad.com\/index.php\/wp-json\/wp\/v2\/posts\/1616\/revisions\/2956"}],"wp:attachment":[{"href":"https:\/\/zoulouonroad.com\/index.php\/wp-json\/wp\/v2\/media?parent=1616"}],"wp:term":[{"taxonomy":"category","embeddable":true,"href":"https:\/\/zoulouonroad.com\/index.php\/wp-json\/wp\/v2\/categories?post=1616"},{"taxonomy":"post_tag","embeddable":true,"href":"https:\/\/zoulouonroad.com\/index.php\/wp-json\/wp\/v2\/tags?post=1616"}],"curies":[{"name":"wp","href":"https:\/\/api.w.org\/{rel}","templated":true}]}}