{"id":1645,"date":"2018-12-21T18:16:45","date_gmt":"2018-12-21T18:16:45","guid":{"rendered":"https:\/\/zoulouonroad.com\/?p=1645"},"modified":"2019-08-29T13:24:54","modified_gmt":"2019-08-29T13:24:54","slug":"26eme-semaine-la-semaine-des-petites-galeres","status":"publish","type":"post","link":"https:\/\/zoulouonroad.com\/index.php\/fr\/2018\/12\/21\/26eme-semaine-la-semaine-des-petites-galeres\/","title":{"rendered":"26\u00e8me semaine : La semaine des petites gal\u00e8res &#8230;"},"content":{"rendered":"<p>Jour 176\u00a0: On commence la semaine par la visite de la capitale albanaise, Tirana. Et c&#8217;est chaud ! Il semblerait qu&#8217;il n&#8217;y a pas de r\u00e8gle sur les ronds-points. Les charrettes, les voitures, les bus et les pi\u00e9tons essaient tous de forcer le passage. Heureusement que Campi est assez imposant !<\/p>\n<p>C&#8217;est plus tranquille lors de la visite de Tirana, des jolies d\u00e9cos de No\u00ebl illuminent la ville. Il y a m\u00eame un march\u00e9 de No\u00ebl avec un sapin de No\u00ebl !\u00a0 On ne s\u2019y attendait pas en Albanie qui est un pays \u00e0 majorit\u00e9 musulmane.<\/p>\n<p><a href=\"https:\/\/zoulouonroad.com\/wp-content\/uploads\/2018\/12\/20181203_112844_HDR-e1545413773620.jpg\"><img loading=\"lazy\" class=\"size-medium wp-image-1648 alignleft\" src=\"https:\/\/zoulouonroad.com\/wp-content\/uploads\/2018\/12\/20181203_112844_HDR-e1545413773620-150x300.jpg\" alt=\"\" width=\"150\" height=\"300\" sizes=\"(max-width: 150px) 85vw, 150px\" \/><\/a><a href=\"https:\/\/zoulouonroad.com\/wp-content\/uploads\/2018\/12\/20181203_105457_HDR-e1545413887583.jpg\"><img loading=\"lazy\" class=\"size-medium wp-image-1653 alignright\" src=\"https:\/\/zoulouonroad.com\/wp-content\/uploads\/2018\/12\/20181203_105457_HDR-e1545413887583-150x300.jpg\" alt=\"\" width=\"150\" height=\"300\" sizes=\"(max-width: 150px) 85vw, 150px\" \/><\/a><\/p>\n<p>&nbsp;<\/p>\n<p>&nbsp;<\/p>\n<p>&nbsp;<\/p>\n<p>&nbsp;<\/p>\n<p><a href=\"https:\/\/zoulouonroad.com\/wp-content\/uploads\/2018\/12\/20181203_112414_HDR.jpg\"><img loading=\"lazy\" class=\"aligncenter size-large wp-image-1647\" src=\"https:\/\/zoulouonroad.com\/wp-content\/uploads\/2018\/12\/20181203_112414_HDR-1024x512.jpg\" alt=\"\" width=\"840\" height=\"420\" sizes=\"(max-width: 709px) 85vw, (max-width: 909px) 67vw, (max-width: 1362px) 62vw, 840px\" \/><\/a>On passe la nuit au-dessus du village de Kruj\u00eb, avec une belle vue sur les montagnes, la mer et Tirana. C&#8217;est une vue bien m\u00e9rit\u00e9e car pour venir jusqu&#8217;ici, on a d\u00fb traverser le centre-ville aux routes tr\u00e8s \u00e9troites, o\u00f9 on a l\u00e9g\u00e8rement ab\u00eem\u00e9 Campi ;\/.<\/p>\n<p><a href=\"https:\/\/zoulouonroad.com\/wp-content\/uploads\/2018\/12\/20181203_160014.jpg\"><img loading=\"lazy\" class=\"aligncenter size-large wp-image-1649\" src=\"https:\/\/zoulouonroad.com\/wp-content\/uploads\/2018\/12\/20181203_160014-1024x512.jpg\" alt=\"\" width=\"840\" height=\"420\" sizes=\"(max-width: 709px) 85vw, (max-width: 909px) 67vw, (max-width: 1362px) 62vw, 840px\" \/><\/a><\/p>\n<p><!--more--><\/p>\n<p>Jour 177\u00a0: Aujourd&#8217;hui on pr\u00e9voit plusieurs heures de route pour arriver en Mac\u00e9doine. Malheureusement, tout ne se passe pas comme pr\u00e9vu. En effet, on d\u00e9cide de prendre une route dans les montagnes, qui semblait \u00eatre un raccourci sur Google Maps. Mais les albanais ne rigolent pas avec les routes!\u00a0 Au bout d&#8217;une heure de trajet, soit 15km, sur des routes \u00e0 trous, parfois m\u00eame partiellement effondr\u00e9es, on arrive sur un cul de sac. Ou plut\u00f4t sur la fin d&#8217;une route bitum\u00e9e donnant sur un chemin en terre en pente impraticable (qu&#8217;on ne voit plus sur la photo&#8230;mais croyez-moi ce n&#8217;\u00e9tait pas faisable !).<\/p>\n<p><a href=\"https:\/\/zoulouonroad.com\/wp-content\/uploads\/2018\/12\/20181204_100922.jpg\"><img loading=\"lazy\" class=\"aligncenter size-large wp-image-1650\" src=\"https:\/\/zoulouonroad.com\/wp-content\/uploads\/2018\/12\/20181204_100922-1024x512.jpg\" alt=\"\" width=\"840\" height=\"420\" sizes=\"(max-width: 709px) 85vw, (max-width: 909px) 67vw, (max-width: 1362px) 62vw, 840px\" \/><\/a><a href=\"https:\/\/zoulouonroad.com\/wp-content\/uploads\/2018\/12\/20181204_150825.jpg\"><img loading=\"lazy\" class=\"aligncenter size-large wp-image-1655\" src=\"https:\/\/zoulouonroad.com\/wp-content\/uploads\/2018\/12\/20181204_150825-1024x512.jpg\" alt=\"\" width=\"840\" height=\"420\" sizes=\"(max-width: 709px) 85vw, (max-width: 909px) 67vw, (max-width: 1362px) 62vw, 840px\" \/><\/a>Donc oblig\u00e9s de faire demi-tour. Au moins, on en profite pour faire le plein d&#8217;eau \u00e0 une fontaine dont la qualit\u00e9 d&#8217;eau est tr\u00e8s appr\u00e9ci\u00e9e des locaux qui n&#8217;h\u00e9sitent pas \u00e0 faire plusieurs dizaines de kilom\u00e8tres pour venir s\u2019approvisionner en eau potable ici.<\/p>\n<p>D&#8217;ailleurs on a film\u00e9 une courte vid\u00e9o de l&#8217;\u00e9tat catastrophique de la route qui vous pouvez retrouver <a href=\"https:\/\/www.facebook.com\/Zoulouonroad\/videos\/279507022752834\/\" target=\"_blank\" rel=\"noopener\">ici<\/a>.<\/p>\n<p>Cette aventure nous a caus\u00e9 du retard. On a donc d\u00fb s&#8217;installer dans les montagnes pour la nuit. Des locaux sont pass\u00e9s pour s&#8217;assurer que tout allait bien !<\/p>\n<p>Jour 178 : Ce matin on passe enfin en Mac\u00e9doine !\u00a0 On ne pensait pas y arriver avec ces routes en piteux \u00e9tat ! Le passage de fronti\u00e8re fut rapide et les douaniers ont m\u00eame jet\u00e9 un coup d&#8217;\u0153il sur notre blog (inscrit sur notre Campi). Quelle bonne ambiance \u00e0 la fronti\u00e8re !\u00a0 La journ\u00e9e s&#8217;annonce bien. On traverse ensuite le parc national de Mavrovo avec son lac et sa vieille \u00e9glise qui est en temps normal sous l&#8217;eau.<\/p>\n<p><a href=\"https:\/\/zoulouonroad.com\/wp-content\/uploads\/2018\/12\/20181205_114310.jpg\"><img loading=\"lazy\" class=\"aligncenter size-large wp-image-1656\" src=\"https:\/\/zoulouonroad.com\/wp-content\/uploads\/2018\/12\/20181205_114310-1024x512.jpg\" alt=\"\" width=\"840\" height=\"420\" sizes=\"(max-width: 709px) 85vw, (max-width: 909px) 67vw, (max-width: 1362px) 62vw, 840px\" \/><\/a><\/p>\n<p>Le soir on se pose dans un centre de loisir abandonn\u00e9 mais gard\u00e9 par de nombreux chiens !\u00a0 Je me fais encore plein de copains !<\/p>\n<p>Jour 179 :\u00a0 C&#8217;est parti pour une randonn\u00e9e agr\u00e9able le long du canyon Matka, cr\u00e9e artificiellement gr\u00e2ce au barrage.<\/p>\n<p><a href=\"https:\/\/zoulouonroad.com\/wp-content\/uploads\/2018\/12\/20181206_095122.jpg\"><img loading=\"lazy\" class=\"aligncenter size-large wp-image-1658\" src=\"https:\/\/zoulouonroad.com\/wp-content\/uploads\/2018\/12\/20181206_095122-1024x512.jpg\" alt=\"\" width=\"840\" height=\"420\" sizes=\"(max-width: 709px) 85vw, (max-width: 909px) 67vw, (max-width: 1362px) 62vw, 840px\" \/><\/a><\/p>\n<p>Les paysages sont beaux ici mais souvent g\u00e2ch\u00e9s par les nombreux d\u00e9tritus jet\u00e9s en pleine nature&#8230; :(.<\/p>\n<p><a href=\"https:\/\/zoulouonroad.com\/wp-content\/uploads\/2018\/12\/20181208_085829.jpg\"><img loading=\"lazy\" class=\"aligncenter size-large wp-image-1661\" src=\"https:\/\/zoulouonroad.com\/wp-content\/uploads\/2018\/12\/20181208_085829-1024x512.jpg\" alt=\"\" width=\"840\" height=\"420\" sizes=\"(max-width: 709px) 85vw, (max-width: 909px) 67vw, (max-width: 1362px) 62vw, 840px\" \/><\/a>Ensuite direction Skopje, la capitale mac\u00e9donienne. On passe d&#8217;abord sur la colline Vodno pour admirer la vue sur Skopje.<\/p>\n<p><a href=\"https:\/\/zoulouonroad.com\/wp-content\/uploads\/2018\/12\/20181206_144740.jpg\"><img loading=\"lazy\" class=\"aligncenter size-large wp-image-1659\" src=\"https:\/\/zoulouonroad.com\/wp-content\/uploads\/2018\/12\/20181206_144740-1024x512.jpg\" alt=\"\" width=\"840\" height=\"420\" sizes=\"(max-width: 709px) 85vw, (max-width: 909px) 67vw, (max-width: 1362px) 62vw, 840px\" \/><\/a>Puis on recherche des spots pour dormir dans la ville. Une fois install\u00e9s pr\u00e8s d&#8217;un stade, on toque \u00e0 notre porte pour nous pr\u00e9venir du caract\u00e8re dangereux de cet endroit. On \u00e9coute les conseils des locaux et on revient sur la colline Vodno, plus loin de la ville pour \u00eatre au calme et en s\u00e9curit\u00e9&#8230;mais c&#8217;est rat\u00e9 ! Dans la soir\u00e9e, des jeunes s&#8217;installent ici pour faire la f\u00eate, malgr\u00e9 les temp\u00e9ratures n\u00e9gatives\u00a0! Fatigu\u00e9s, on essaie de s&#8217;endormir mais avec la musique \u00e0 fond on a du mal&#8230; Puis \u00e0 3 heures du matin, on est de nouveau r\u00e9veill\u00e9s par des frappes \u00e0 notre porte. Cette fois-ci c&#8217;est la police qui veut nous donner une amende de 200\u20ac pour stationnement interdit et, encore une fois, nous informer que cet endroit est dangereux !\u00a0 Mais o\u00f9 faut-il se garer \u00e0 Skopje pour \u00eatre en s\u00e9curit\u00e9 ?!\u00a0 Finalement, apr\u00e8s une demi-heure \u00e0 n\u00e9gocier en pyjama dans le froid, on s&#8217;en sort sans amende mais on en a marre de cette ville qui nous donne des signes clairs qu\u2019on n\u2019est pas les bienvenus\u2026 On quitte donc de nuit cette ville apparemment \u201ccriminelle\u201d sans m\u00eame la visiter. C&#8217;est la premi\u00e8re fois qu&#8217;une telle situation nous arrive depuis 6 mois de voyage !<\/p>\n<p>Jour 180 :\u00a0 Apr\u00e8s cette nuit chaotique, on se repose au site arch\u00e9ologique Stobi, loin des bruits de la ville.<\/p>\n<p><a href=\"https:\/\/zoulouonroad.com\/wp-content\/uploads\/2018\/12\/20181207_111636.jpg\"><img loading=\"lazy\" class=\"aligncenter size-large wp-image-1660\" src=\"https:\/\/zoulouonroad.com\/wp-content\/uploads\/2018\/12\/20181207_111636-1024x512.jpg\" alt=\"\" width=\"840\" height=\"420\" sizes=\"(max-width: 709px) 85vw, (max-width: 909px) 67vw, (max-width: 1362px) 62vw, 840px\" \/><\/a>Puis le soir, on fait un tour \u00e0 Makedonium pr\u00e8s de la ville de Krouchevo. On apprend qu&#8217;il s&#8217;agit d&#8217;un monument qui <span id=\"fbPhotoSnowliftCaption\" class=\"fbPhotosPhotoCaption\" tabindex=\"0\" aria-live=\"polite\" data-ft=\"{&quot;tn&quot;:&quot;K&quot;}\"><span class=\"hasCaption\">c\u00e9l\u00e8bre la lutte nationaliste mac\u00e9donienne et l&#8217;\u00e9ternel d\u00e9sir du peuple mac\u00e9donien de la libert\u00e9 et d&#8217;un \u00c9tat ind\u00e9pendant.<\/span><\/span><\/p>\n<p><a href=\"https:\/\/zoulouonroad.com\/wp-content\/uploads\/2018\/12\/20181207_162030.jpg\"><img loading=\"lazy\" class=\"aligncenter size-large wp-image-1654\" src=\"https:\/\/zoulouonroad.com\/wp-content\/uploads\/2018\/12\/20181207_162030-1024x512.jpg\" alt=\"\" width=\"840\" height=\"420\" sizes=\"(max-width: 709px) 85vw, (max-width: 909px) 67vw, (max-width: 1362px) 62vw, 840px\" \/><\/a>Jour 181 :\u00a0 On s\u2019avance vers Bitola, la 2\u00e8me plus grande ville en Mac\u00e9doine. <a href=\"https:\/\/zoulouonroad.com\/wp-content\/uploads\/2018\/12\/20181208_114637_HDR-e1545415363472.jpg\"><img loading=\"lazy\" class=\"size-medium wp-image-1663 alignright\" src=\"https:\/\/zoulouonroad.com\/wp-content\/uploads\/2018\/12\/20181208_114637_HDR-e1545415363472-150x300.jpg\" alt=\"\" width=\"150\" height=\"300\" sizes=\"(max-width: 150px) 85vw, 150px\" \/><\/a>Eh oui, on aimerait bien donner une deuxi\u00e8me chance aux villes mac\u00e9doniennes. Tout se passe bien, on visite un autre site arch\u00e9ologique, puis le centre-ville qui est agr\u00e9able. Finalement on se rend au bazar o\u00f9 il y a un mal-entendu&#8230; Un papi d&#8217;une boutique s&#8217;int\u00e9resse \u00e0 moi et demande ma race et mon pays d&#8217;origine. Il nous invite m\u00eame \u00e0 l&#8217;int\u00e9rieur de la boutique \u2026 pour nous montrer des fourrures de chiens sous forme de tapis&#8230;dont un \u00e9pagneul breton !!!\u00a0 Choqu\u00e9s, on se pr\u00e9cipite vers la sortie de la boutique et on quitte rapidement le bazar\u2026\u00a0 A ce jour on ne sait toujours pas ce qu&#8217;il voulait vraiment faire&#8230;grrrr<\/p>\n<p>Jour 182 :\u00a0 Derni\u00e8re \u00e9tape en Mac\u00e9doine :\u00a0 la vielle-ville d&#8217;Ohrid class\u00e9e \u00e0 l&#8217;UNESCO et le monast\u00e8re de Saint Naum.<\/p>\n<p><a href=\"https:\/\/zoulouonroad.com\/wp-content\/uploads\/2018\/12\/20181209_141438_HDR.jpg\"><img loading=\"lazy\" class=\"aligncenter size-large wp-image-1666\" src=\"https:\/\/zoulouonroad.com\/wp-content\/uploads\/2018\/12\/20181209_141438_HDR-1024x512.jpg\" alt=\"\" width=\"840\" height=\"420\" sizes=\"(max-width: 709px) 85vw, (max-width: 909px) 67vw, (max-width: 1362px) 62vw, 840px\" \/><\/a>On a bien profit\u00e9 de notre dernier jour dans ce pays. Ohrid est une tr\u00e8s belle ville historique avec des \u00e9glises de style byzantin. Un chemin agr\u00e9able le long du lac permet de visiter la vielle partie de la ville. Le monast\u00e8re Saint Naum est \u00e9galement une belle \u00e9tape. Ma ma\u00eetresse a m\u00eame re\u00e7u de la b\u00e9n\u00e9diction de la part du caissier avec le portrait offert de Saint Naum ! Une petite r\u00e9compense pour ce qu&#8217;on a endur\u00e9 \u00e0 Skopje&#8230;<\/p>\n<p>On longe ensuite le lac d\u2019Ohrid pour passer de nouveau en Albanie.<\/p>\n<p><a href=\"https:\/\/zoulouonroad.com\/wp-content\/uploads\/2018\/12\/20181209_141334.jpg\"><img loading=\"lazy\" class=\"aligncenter size-large wp-image-1665\" src=\"https:\/\/zoulouonroad.com\/wp-content\/uploads\/2018\/12\/20181209_141334-1024x512.jpg\" alt=\"\" width=\"840\" height=\"420\" sizes=\"(max-width: 709px) 85vw, (max-width: 909px) 67vw, (max-width: 1362px) 62vw, 840px\" \/><\/a>A vrai dire la Mac\u00e9doine n&#8217;est pas notre pays pr\u00e9f\u00e9r\u00e9&#8230; mais il en sera autrement pour l&#8217;Albanie ! Alors rendez-vous la semaine prochaine pour nos nouvelles aventures en Albanie !<\/p>\n<p>PS : L&#8217;ensemble des photos de Mac\u00e9doine sont sur notre page <a href=\"https:\/\/www.facebook.com\/pg\/Zoulouonroad\/photos\/?tab=album&amp;album_id=935149700017479\" target=\"_blank\" rel=\"noopener\">Facebook<\/a>.<\/p>\n","protected":false},"excerpt":{"rendered":"<p>Jour 176\u00a0: On commence la semaine par la visite de la capitale albanaise, Tirana. Et c&#8217;est chaud ! Il semblerait qu&#8217;il n&#8217;y a pas de r\u00e8gle sur les ronds-points. Les charrettes, les voitures, les bus et les pi\u00e9tons essaient tous de forcer le passage. Heureusement que Campi est assez imposant ! C&#8217;est plus tranquille lors &hellip; <a href=\"https:\/\/zoulouonroad.com\/index.php\/fr\/2018\/12\/21\/26eme-semaine-la-semaine-des-petites-galeres\/\" class=\"more-link\">Continue reading<span class=\"screen-reader-text\"> &#8220;26\u00e8me semaine : La semaine des petites gal\u00e8res &#8230;&#8221;<\/span><\/a><\/p>\n","protected":false},"author":1,"featured_media":0,"comment_status":"open","ping_status":"open","sticky":false,"template":"","format":"standard","meta":{"spay_email":"","jetpack_publicize_message":""},"categories":[77,79],"tags":[],"jetpack_featured_media_url":"","jetpack_publicize_connections":[],"jetpack_shortlink":"https:\/\/wp.me\/p9Vyzk-qx","_links":{"self":[{"href":"https:\/\/zoulouonroad.com\/index.php\/wp-json\/wp\/v2\/posts\/1645"}],"collection":[{"href":"https:\/\/zoulouonroad.com\/index.php\/wp-json\/wp\/v2\/posts"}],"about":[{"href":"https:\/\/zoulouonroad.com\/index.php\/wp-json\/wp\/v2\/types\/post"}],"author":[{"embeddable":true,"href":"https:\/\/zoulouonroad.com\/index.php\/wp-json\/wp\/v2\/users\/1"}],"replies":[{"embeddable":true,"href":"https:\/\/zoulouonroad.com\/index.php\/wp-json\/wp\/v2\/comments?post=1645"}],"version-history":[{"count":6,"href":"https:\/\/zoulouonroad.com\/index.php\/wp-json\/wp\/v2\/posts\/1645\/revisions"}],"predecessor-version":[{"id":2958,"href":"https:\/\/zoulouonroad.com\/index.php\/wp-json\/wp\/v2\/posts\/1645\/revisions\/2958"}],"wp:attachment":[{"href":"https:\/\/zoulouonroad.com\/index.php\/wp-json\/wp\/v2\/media?parent=1645"}],"wp:term":[{"taxonomy":"category","embeddable":true,"href":"https:\/\/zoulouonroad.com\/index.php\/wp-json\/wp\/v2\/categories?post=1645"},{"taxonomy":"post_tag","embeddable":true,"href":"https:\/\/zoulouonroad.com\/index.php\/wp-json\/wp\/v2\/tags?post=1645"}],"curies":[{"name":"wp","href":"https:\/\/api.w.org\/{rel}","templated":true}]}}