{"id":1917,"date":"2019-03-20T17:42:29","date_gmt":"2019-03-20T17:42:29","guid":{"rendered":"https:\/\/zoulouonroad.com\/?p=1917"},"modified":"2019-08-29T13:43:13","modified_gmt":"2019-08-29T13:43:13","slug":"38eme-semaine-dans-la-province-dizmir","status":"publish","type":"post","link":"https:\/\/zoulouonroad.com\/index.php\/fr\/2019\/03\/20\/38eme-semaine-dans-la-province-dizmir\/","title":{"rendered":"38\u00e8me semaine : Dans la province d&#8217;Izmir"},"content":{"rendered":"<p>Jour 263 : Aujourd\u2019hui on quitte enfin la c\u00f4te Sud-Ouest de la Turquie o\u00f9 on est rest\u00e9s plus d\u2019un mois. Difficile de quitter ce paysage paradisiaque et ce beau temps mais il faut qu\u2019on avance. On prend une derni\u00e8re douche chaude illimit\u00e9e (quel bonheur\u00a0!) au camping o\u00f9 l\u2019on a s\u00e9journ\u00e9 lors de notre volontariat au refuge et on reprend la route. On d\u00e9cide de se poser au bord du lac de Bafa et de profiter de la tranquillit\u00e9 de l\u2019endroit pour planifier nos prochaines \u00e9tapes. Eh oui il faut se remettre en mode voyage de nouveau, fini les vacances\u00a0\ud83d\ude09.<\/p>\n<p><a href=\"https:\/\/zoulouonroad.com\/wp-content\/uploads\/2019\/03\/IMG-20190301-WA0020.jpg\"><img loading=\"lazy\" class=\"aligncenter size-large wp-image-1922\" src=\"https:\/\/zoulouonroad.com\/wp-content\/uploads\/2019\/03\/IMG-20190301-WA0020-1024x576.jpg\" alt=\"\" width=\"840\" height=\"473\" sizes=\"(max-width: 709px) 85vw, (max-width: 909px) 67vw, (max-width: 1362px) 62vw, 840px\" \/><\/a>Jour 264 : Sur la recommandation d\u2019un de nos amis turcs rencontr\u00e9s pendant ce voyage, on visite le petit village de \u015eirince, anciennement grec, perch\u00e9 dans la montagne. On gare Campi sur un parking vide \u00e0 l\u2019entr\u00e9e de la ville, mais \u00e0 peine rentr\u00e9s dans le village on est entour\u00e9s d\u2019une foule de touristes asiatiques, de boutiques de souvenirs et de restaurants. Pour nous, le village a direct perdu une partie de son charme. On passe donc cette partie touristique pour se retrouver \u00e0 l\u2019autre bout du village qui est beaucoup plus calme et habit\u00e9 par les locaux qui vivent dans des petites maisons simples.<\/p>\n<p><a href=\"https:\/\/zoulouonroad.com\/wp-content\/uploads\/2019\/03\/20190301_131404.jpg\"><img loading=\"lazy\" class=\"aligncenter size-large wp-image-1912\" src=\"https:\/\/zoulouonroad.com\/wp-content\/uploads\/2019\/03\/20190301_131404-1024x512.jpg\" alt=\"\" width=\"840\" height=\"420\" sizes=\"(max-width: 709px) 85vw, (max-width: 909px) 67vw, (max-width: 1362px) 62vw, 840px\" \/><\/a><\/p>\n<p><!--more--><\/p>\n<p>En effet, on observe que les Turques ne sont pas tr\u00e8s fans de la marche et d\u00e8s qu\u2019on s\u2019\u00e9carte de la rue principale, il n\u2019y a plus grand monde. On a vu cela \u00e0 plusieurs reprises en Turquie, et surtout en ville o\u00f9 les gens n\u2019h\u00e9sitent pas \u00e0 arr\u00eater leur voiture en double file en face d\u2019un supermarch\u00e9 ou d\u2019un magasin pour faire le moins de pas possibles. Peu importe que \u00e7a g\u00eane la circulation\u00a0et qu\u2019il y a des places 5 m\u00e8tres plus loin ^^.<\/p>\n<p>Et puis c\u2019est \u00e9galement gr\u00e2ce \u00e0 moi que mes ma\u00eetres s\u2019avancent hors des sentiers battus pour que je puisse courir librement et ne pas \u00eatre tout le temps l\u2019objet de nombreuses caresses\u00a0(eh oui pour le moment j\u2019ai plut\u00f4t du succ\u00e8s ici\u00a0\ud83d\ude09).<\/p>\n<p>Bref ce village a un peu de charme mais ne vaut pas forc\u00e9ment un d\u00e9tour.<\/p>\n<p>En revanche notre spot du soir vaut vraiment le coup ! A c\u00f4t\u00e9 du village Demircili, sur une sorte de petite presqu\u2019\u00eele, on se la coule douce en profitant de la plage et du soleil. En remontant sur la colline, on a une vue panoramique sur la mer Eg\u00e9e. A vol d\u2019oiseau, on n\u2019est pas tr\u00e8s loin d\u2019Ath\u00e8nes. Des souvenirs de nos gal\u00e8res avec Campi reviennent mais seulement pour quelques instants\u00a0!<\/p>\n<p><a href=\"https:\/\/zoulouonroad.com\/wp-content\/uploads\/2019\/03\/20190301_165452.jpg\"><img loading=\"lazy\" class=\"aligncenter size-large wp-image-1909\" src=\"https:\/\/zoulouonroad.com\/wp-content\/uploads\/2019\/03\/20190301_165452-1024x512.jpg\" alt=\"\" width=\"840\" height=\"420\" sizes=\"(max-width: 709px) 85vw, (max-width: 909px) 67vw, (max-width: 1362px) 62vw, 840px\" \/><\/a> <a href=\"https:\/\/zoulouonroad.com\/wp-content\/uploads\/2019\/03\/20190301_173349.jpg\"><img loading=\"lazy\" class=\"aligncenter size-large wp-image-1910\" src=\"https:\/\/zoulouonroad.com\/wp-content\/uploads\/2019\/03\/20190301_173349-1024x512.jpg\" alt=\"\" width=\"840\" height=\"420\" sizes=\"(max-width: 709px) 85vw, (max-width: 909px) 67vw, (max-width: 1362px) 62vw, 840px\" \/><\/a>Quelques mobil-homes sont pr\u00e9sents sur la plage mais il semblerait que personne n\u2019y vit \u00e0 cette p\u00e9riode de l\u2019ann\u00e9e. Bah oui, pour le moment on ne peut pas se baigner car l\u2019eau est froide mais moi je m\u2019en fous, comme toujours\u00a0\ud83d\ude0a. On profite de cet endroit paisible pour faire nos demandes de visa iranien en ligne en esp\u00e9rant qu\u2019on soit accept\u00e9s sans devoir passer par une agence priv\u00e9e, croisons les doigts\u00a0!<\/p>\n<p>Jour 265 : Aujourd\u2019hui au programme, visite d\u2019Izmir, la troisi\u00e8me plus grande ville du pays. Avec ses 4 millions d\u2019habitants, on pr\u00e9f\u00e8re ne pas vagabonder avec Campi dans le centre. On se gare donc pr\u00e8s du port et mes ma\u00eetres vont dans le centre-ville \u00e0 v\u00e9lo en longeant la mer, une jolie balade.<\/p>\n<p><a href=\"https:\/\/zoulouonroad.com\/wp-content\/uploads\/2019\/03\/20190302_152417.jpg\"><img loading=\"lazy\" class=\"aligncenter size-large wp-image-1908\" src=\"https:\/\/zoulouonroad.com\/wp-content\/uploads\/2019\/03\/20190302_152417-1024x512.jpg\" alt=\"\" width=\"840\" height=\"420\" sizes=\"(max-width: 709px) 85vw, (max-width: 909px) 67vw, (max-width: 1362px) 62vw, 840px\" \/><\/a>Pour ma s\u00e9curit\u00e9, je dois apparemment rester dans Campi car c\u2019est difficile <a href=\"https:\/\/zoulouonroad.com\/wp-content\/uploads\/2019\/03\/20190302_150441_HDR-e1553103308106.jpg\"><img loading=\"lazy\" class=\"size-medium wp-image-1911 alignright\" src=\"https:\/\/zoulouonroad.com\/wp-content\/uploads\/2019\/03\/20190302_150441_HDR-e1553103308106-150x300.jpg\" alt=\"\" width=\"150\" height=\"300\" sizes=\"(max-width: 150px) 85vw, 150px\" \/><\/a>pour mes ma\u00eetres de g\u00e9rer les chiens errants, tr\u00e8s attir\u00e9s par mon odeur fran\u00e7aise, quand je suis attach\u00e9 au v\u00e9lo. J\u2019attends donc impatiemment dans Campi pendant que mes ma\u00eetres se prom\u00e8nent dans le gigantesque bazar de la ville. En effet, il n\u2019y a que \u00e7a \u00e0 voir\u00a0! Aucun centre historique\u2026Un peu d\u00e9\u00e7us, mes ma\u00eetres reviennent au Campi. Mais ils ont au moins pu go\u00fbter \u00e0 la sp\u00e9cialit\u00e9 locale, la Bomba, une boule de nutella enrob\u00e9e dans une fine couche de p\u00e2te, la bomba calorique\u00a0!<\/p>\n<p>Jour 266 : Aujourd\u2019hui, en se r\u00e9veillant, on remarque un chien maigre au bout de la rue o\u00f9 on est gar\u00e9s. On est au milieu de nulle part, \u00e0 c\u00f4t\u00e9 d\u2019une route, sans aucune habitation aux alentours. Le chien a l\u2019air affam\u00e9, il a froid et semble avoir un probl\u00e8me de peau, mais il est gentil comme tout\u00a0! <a href=\"https:\/\/zoulouonroad.com\/wp-content\/uploads\/2019\/03\/20190303_085721-e1553103371438.jpg\"><img loading=\"lazy\" class=\"size-medium wp-image-1914 alignleft\" src=\"https:\/\/zoulouonroad.com\/wp-content\/uploads\/2019\/03\/20190303_085721-e1553103371438-150x300.jpg\" alt=\"\" width=\"150\" height=\"300\" sizes=\"(max-width: 150px) 85vw, 150px\" \/><\/a>J\u2019essaie m\u00eame de jouer avec elle mais elle est plut\u00f4t int\u00e9ress\u00e9e par des c\u00e2lins et les croquettes. On croise beaucoup de chiens errants \u00e0 qui on donne \u00e0 manger et \u00e0 boire mais cette chienne fait vraiment piti\u00e9 et elle essaie \u00e0 tout prix de rentrer dans Campi, elle grattait m\u00eame la porte pour rentrer. On dirait qu\u2019elle a connu le confort d\u2019une maison\u2026En partant elle nous court apr\u00e8s, alors c\u2019est d\u00e9cid\u00e9, on ne la laisse pas ici. D\u00e8s que ma ma\u00eetresse ouvre la porte, elle rentre direct et s\u2019installe sur un tapis qu\u2019on lui avait pr\u00e9par\u00e9, en posant sa t\u00eate sur les genoux de ma ma\u00eetresse. On d\u00e9cide donc de chercher un refuge qui pourrait prendre soin d\u2019elle. On en trouve un pas tr\u00e8s loin. On fait trois fois le tour des cages pour v\u00e9rifier que les chiens sont bien trait\u00e9s ici, on discute avec le personnel et on se met d\u2019accord pour la laisser ici. On esp\u00e8re qu\u2019un jour on pourra peut-\u00eatre la r\u00e9cup\u00e9rer, qui sait\u00a0? Si on a appris quelque chose pendant ce voyage, c\u2019est que tout est possible si on veut\u00a0!<\/p>\n<figure id=\"attachment_1918\" aria-describedby=\"caption-attachment-1918\" style=\"width: 840px\" class=\"wp-caption aligncenter\"><a href=\"https:\/\/zoulouonroad.com\/wp-content\/uploads\/2019\/03\/20190302_155011.jpg\"><img loading=\"lazy\" class=\"wp-image-1918 size-large\" title=\"Le parc des chiens errants \u00e0 Izmir\" src=\"https:\/\/zoulouonroad.com\/wp-content\/uploads\/2019\/03\/20190302_155011-1024x512.jpg\" alt=\"\" width=\"840\" height=\"420\" sizes=\"(max-width: 709px) 85vw, (max-width: 909px) 67vw, (max-width: 1362px) 62vw, 840px\" \/><\/a><figcaption id=\"caption-attachment-1918\" class=\"wp-caption-text\">Le parc des chiens errants \u00e0 Izmir<\/figcaption><\/figure>\n","protected":false},"excerpt":{"rendered":"<p>Jour 263 : Aujourd\u2019hui on quitte enfin la c\u00f4te Sud-Ouest de la Turquie o\u00f9 on est rest\u00e9s plus d\u2019un mois. Difficile de quitter ce paysage paradisiaque et ce beau temps mais il faut qu\u2019on avance. On prend une derni\u00e8re douche chaude illimit\u00e9e (quel bonheur\u00a0!) au camping o\u00f9 l\u2019on a s\u00e9journ\u00e9 lors de notre volontariat au &hellip; <a href=\"https:\/\/zoulouonroad.com\/index.php\/fr\/2019\/03\/20\/38eme-semaine-dans-la-province-dizmir\/\" class=\"more-link\">Continue reading<span class=\"screen-reader-text\"> &#8220;38\u00e8me semaine : Dans la province d&#8217;Izmir&#8221;<\/span><\/a><\/p>\n","protected":false},"author":1,"featured_media":0,"comment_status":"open","ping_status":"open","sticky":false,"template":"","format":"standard","meta":{"spay_email":"","jetpack_publicize_message":""},"categories":[33],"tags":[],"jetpack_featured_media_url":"","jetpack_publicize_connections":[],"jetpack_shortlink":"https:\/\/wp.me\/p9Vyzk-uV","_links":{"self":[{"href":"https:\/\/zoulouonroad.com\/index.php\/wp-json\/wp\/v2\/posts\/1917"}],"collection":[{"href":"https:\/\/zoulouonroad.com\/index.php\/wp-json\/wp\/v2\/posts"}],"about":[{"href":"https:\/\/zoulouonroad.com\/index.php\/wp-json\/wp\/v2\/types\/post"}],"author":[{"embeddable":true,"href":"https:\/\/zoulouonroad.com\/index.php\/wp-json\/wp\/v2\/users\/1"}],"replies":[{"embeddable":true,"href":"https:\/\/zoulouonroad.com\/index.php\/wp-json\/wp\/v2\/comments?post=1917"}],"version-history":[{"count":4,"href":"https:\/\/zoulouonroad.com\/index.php\/wp-json\/wp\/v2\/posts\/1917\/revisions"}],"predecessor-version":[{"id":1921,"href":"https:\/\/zoulouonroad.com\/index.php\/wp-json\/wp\/v2\/posts\/1917\/revisions\/1921"}],"wp:attachment":[{"href":"https:\/\/zoulouonroad.com\/index.php\/wp-json\/wp\/v2\/media?parent=1917"}],"wp:term":[{"taxonomy":"category","embeddable":true,"href":"https:\/\/zoulouonroad.com\/index.php\/wp-json\/wp\/v2\/categories?post=1917"},{"taxonomy":"post_tag","embeddable":true,"href":"https:\/\/zoulouonroad.com\/index.php\/wp-json\/wp\/v2\/tags?post=1917"}],"curies":[{"name":"wp","href":"https:\/\/api.w.org\/{rel}","templated":true}]}}